{"id":1850,"date":"2025-10-24T20:49:39","date_gmt":"2025-10-24T20:49:39","guid":{"rendered":"https:\/\/mxenes.cl\/home\/?p=1850"},"modified":"2025-10-24T20:49:39","modified_gmt":"2025-10-24T20:49:39","slug":"reconocimiento-a-investigadores-del-nucleo-milenio-amxsa-por-su-excelencia-cientifica","status":"publish","type":"post","link":"https:\/\/mxenes.cl\/home\/en\/reconocimiento-a-investigadores-del-nucleo-milenio-amxsa-por-su-excelencia-cientifica\/","title":{"rendered":"Reconocimiento a investigadores del N\u00facleo Milenio AMXSA por su excelencia cient\u00edfica"},"content":{"rendered":"<p>La ceremonia, organizada por la Vicerrector\u00eda de Investigaci\u00f3n y Desarrollo (VID) en el marco del Encuentro de Investigaci\u00f3n U. de Chile 2025, reconoci\u00f3 a las y los acad\u00e9micos que han contribuido al avance del conocimiento mediante publicaciones de alto impacto y aportes relevantes al desarrollo cient\u00edfico del pa\u00eds. En esta edici\u00f3n, ambos investigadores de la Facultad de Ciencias F\u00edsicas y Matem\u00e1ticas (FCFM) fueron distinguidos en la categor\u00eda Producci\u00f3n Cient\u00edfica 2022\u20132024, que destaca a quienes cuentan con publicaciones dentro del 6 % superior de sus disciplinas seg\u00fan la base de datos Web of Science (WoS).<\/p>\n\n\n\n<p>El profesor Andreas Rosenkranz, acad\u00e9mico del Departamento de Ingenier\u00eda Qu\u00edmica, Biotecnolog\u00eda y Materiales (DIQBM) y director del N\u00facleo Milenio AMXSA, desarrolla su investigaci\u00f3n en tribolog\u00eda, superficies funcionales y nanomateriales avanzados, explorando nuevas aplicaciones en sustentabilidad, energ\u00eda y materiales inteligentes. Parte de su trabajo se centra en los MXenos, una familia de nanomateriales 2D con propiedades \u00fanicas que abren oportunidades en lubricaci\u00f3n, sensores y almacenamiento energ\u00e9tico.<\/p>\n\n\n\n<p>\u201cPara el N\u00facleo en particular es un excelente indicador y muy importante para la visibilidad del centro en Chile y en Latinoam\u00e9rica. Me siento muy orgulloso de haber recibido este reconocimiento, que es particularmente especial porque es la segunda vez consecutiva. Esto refleja el trabajo fant\u00e1stico que realiza todo mi equipo en el laboratorio, d\u00eda a d\u00eda, con dedicaci\u00f3n, esfuerzo y una gran curiosidad cient\u00edfica. Por eso quiero dedicar este reconocimiento a mi equipo, que hace todo esto posible.\u201d<\/p>\n\n\n\n<p>El profesor Francisco Gracia, acad\u00e9mico asociado del DIQBM y investigador principal del N\u00facleo Milenio AMXSA, lidera l\u00edneas de investigaci\u00f3n en cat\u00e1lisis y procesos qu\u00edmicos sostenibles, orientadas al dise\u00f1o de nuevos materiales y sistemas para la s\u00edntesis de compuestos de inter\u00e9s industrial y energ\u00e9tico.<\/p>\n\n\n\n<p>\u201cHoy en d\u00eda presenciamos una vor\u00e1gine de indicadores y revistas cient\u00edficas de todo tipo y calidad, que por momentos nublan el objetivo primario del trabajo cient\u00edfico, que es aportar conocimiento novedoso, \u2018mover la frontera de la ciencia\u2019. Una forma de cuidar ese objetivo es intentar publicar en las revistas m\u00e1s exigentes y relevantes de la disciplina propia. Por ello este reconocimiento es un honor y un espaldarazo que motiva a seguir haciendo el mejor esfuerzo por desarrollar ciencia de calidad\u201d, indic\u00f3.<\/p>\n\n\n\n<p>Este reconocimiento no solo resalta la calidad del trabajo de los investigadores, sino que tambi\u00e9n refuerza la posici\u00f3n del N\u00facleo Milenio AMXSA como un referente en la investigaci\u00f3n de nanomateriales avanzados y su aplicaci\u00f3n en soluciones sostenibles. Su labor contribuye al liderazgo de la Universidad de Chile en ciencia de frontera y a la proyecci\u00f3n internacional del conocimiento generado desde el pa\u00eds.<\/p>","protected":false},"excerpt":{"rendered":"<p>Los profesores Andreas Rosenkranz y Francisco Gracia, director e investigador principal del N\u00facleo Milenio de MXenos Avanzados para Aplicaciones en Sustentabilidad (AMXSA), fueron distinguidos por la Universidad de Chile por su destacada productividad cient\u00edfica durante el periodo 2022\u20132024.<\/p>","protected":false},"author":3,"featured_media":1851,"comment_status":"open","ping_status":"open","sticky":false,"template":"","format":"standard","meta":{"_acf_changed":false,"site-sidebar-layout":"default","site-content-layout":"","ast-site-content-layout":"","site-content-style":"default","site-sidebar-style":"default","ast-global-header-display":"","ast-banner-title-visibility":"","ast-main-header-display":"","ast-hfb-above-header-display":"","ast-hfb-below-header-display":"","ast-hfb-mobile-header-display":"","site-post-title":"","ast-breadcrumbs-content":"","ast-featured-img":"","footer-sml-layout":"","theme-transparent-header-meta":"","adv-header-id-meta":"","stick-header-meta":"","header-above-stick-meta":"","header-main-stick-meta":"","header-below-stick-meta":"","astra-migrate-meta-layouts":"default","ast-page-background-enabled":"default","ast-page-background-meta":{"desktop":{"background-color":"var(--ast-global-color-4)","background-image":"","background-repeat":"repeat","background-position":"center center","background-size":"auto","background-attachment":"scroll","background-type":"","background-media":"","overlay-type":"","overlay-color":"","overlay-opacity":"","overlay-gradient":""},"tablet":{"background-color":"","background-image":"","background-repeat":"repeat","background-position":"center center","background-size":"auto","background-attachment":"scroll","background-type":"","background-media":"","overlay-type":"","overlay-color":"","overlay-opacity":"","overlay-gradient":""},"mobile":{"background-color":"","background-image":"","background-repeat":"repeat","background-position":"center center","background-size":"auto","background-attachment":"scroll","background-type":"","background-media":"","overlay-type":"","overlay-color":"","overlay-opacity":"","overlay-gradient":""}},"ast-content-background-meta":{"desktop":{"background-color":"var(--ast-global-color-5)","background-image":"","background-repeat":"repeat","background-position":"center center","background-size":"auto","background-attachment":"scroll","background-type":"","background-media":"","overlay-type":"","overlay-color":"","overlay-opacity":"","overlay-gradient":""},"tablet":{"background-color":"var(--ast-global-color-5)","background-image":"","background-repeat":"repeat","background-position":"center center","background-size":"auto","background-attachment":"scroll","background-type":"","background-media":"","overlay-type":"","overlay-color":"","overlay-opacity":"","overlay-gradient":""},"mobile":{"background-color":"var(--ast-global-color-5)","background-image":"","background-repeat":"repeat","background-position":"center center","background-size":"auto","background-attachment":"scroll","background-type":"","background-media":"","overlay-type":"","overlay-color":"","overlay-opacity":"","overlay-gradient":""}},"footnotes":""},"categories":[7],"tags":[],"class_list":["post-1850","post","type-post","status-publish","format-standard","has-post-thumbnail","hentry","category-noticias"],"acf":[],"_links":{"self":[{"href":"https:\/\/mxenes.cl\/home\/en\/wp-json\/wp\/v2\/posts\/1850","targetHints":{"allow":["GET"]}}],"collection":[{"href":"https:\/\/mxenes.cl\/home\/en\/wp-json\/wp\/v2\/posts"}],"about":[{"href":"https:\/\/mxenes.cl\/home\/en\/wp-json\/wp\/v2\/types\/post"}],"author":[{"embeddable":true,"href":"https:\/\/mxenes.cl\/home\/en\/wp-json\/wp\/v2\/users\/3"}],"replies":[{"embeddable":true,"href":"https:\/\/mxenes.cl\/home\/en\/wp-json\/wp\/v2\/comments?post=1850"}],"version-history":[{"count":1,"href":"https:\/\/mxenes.cl\/home\/en\/wp-json\/wp\/v2\/posts\/1850\/revisions"}],"predecessor-version":[{"id":1852,"href":"https:\/\/mxenes.cl\/home\/en\/wp-json\/wp\/v2\/posts\/1850\/revisions\/1852"}],"wp:featuredmedia":[{"embeddable":true,"href":"https:\/\/mxenes.cl\/home\/en\/wp-json\/wp\/v2\/media\/1851"}],"wp:attachment":[{"href":"https:\/\/mxenes.cl\/home\/en\/wp-json\/wp\/v2\/media?parent=1850"}],"wp:term":[{"taxonomy":"category","embeddable":true,"href":"https:\/\/mxenes.cl\/home\/en\/wp-json\/wp\/v2\/categories?post=1850"},{"taxonomy":"post_tag","embeddable":true,"href":"https:\/\/mxenes.cl\/home\/en\/wp-json\/wp\/v2\/tags?post=1850"}],"curies":[{"name":"wp","href":"https:\/\/api.w.org\/{rel}","templated":true}]}}